{"id":2228,"date":"2025-05-09T13:37:09","date_gmt":"2025-05-09T11:37:09","guid":{"rendered":"https:\/\/www.manualidadesbadabadocart.es\/blog\/?p=2228"},"modified":"2025-05-09T13:37:09","modified_gmt":"2025-05-09T11:37:09","slug":"evento-solidario-creativo-barcelona-5-07-25","status":"publish","type":"post","link":"https:\/\/www.manualidadesbadabadocart.es\/blog\/evento-solidario-creativo-barcelona-5-07-25\/","title":{"rendered":"Evento Solidario Creativo Barcelona 5\/07\/25"},"content":{"rendered":"<div class=\"wp-block-image\">\n<figure class=\"aligncenter size-full is-resized\"><img loading=\"lazy\" decoding=\"async\" width=\"800\" height=\"635\" src=\"https:\/\/www.manualidadesbadabadocart.es\/blog\/wp-content\/uploads\/2025\/05\/evento-solidario-creativo-barcelona-1.jpg\" alt=\"Evento solidario creativo en Barcelona\" class=\"wp-image-2237\" style=\"width:800px\" srcset=\"https:\/\/www.manualidadesbadabadocart.es\/blog\/wp-content\/uploads\/2025\/05\/evento-solidario-creativo-barcelona-1.jpg 800w, https:\/\/www.manualidadesbadabadocart.es\/blog\/wp-content\/uploads\/2025\/05\/evento-solidario-creativo-barcelona-1-300x238.jpg 300w, https:\/\/www.manualidadesbadabadocart.es\/blog\/wp-content\/uploads\/2025\/05\/evento-solidario-creativo-barcelona-1-768x610.jpg 768w, https:\/\/www.manualidadesbadabadocart.es\/blog\/wp-content\/uploads\/2025\/05\/evento-solidario-creativo-barcelona-1-76x60.jpg 76w\" sizes=\"auto, (max-width: 800px) 100vw, 800px\" \/><\/figure>\n<\/div>\n\n\n<h2 class=\"wp-block-heading\">Evento Solidario en Badabadoc Art: \u00a1Creatividad por una Buena Causa!<\/h2>\n\n\n\n<p>Un bonito evento solidario: en <strong><a href=\"https:\/\/www.manualidadesbadabadocart.es\/\" target=\"_blank\" rel=\"noreferrer noopener\">Badabadoc Art<\/a><\/strong>, creemos en la magia de la creatividad y en el poder de la solidaridad. Por eso, el pr\u00f3ximo <strong>5 de julio de 2025<\/strong>, de <strong>10:00h a 13:00h<\/strong>, nuestra tienda en <strong>Sabadell (Barcelona)<\/strong> se convertir\u00e1 en un espacio de inspiraci\u00f3n y ayuda para los animales rescatados del refugio <strong>\u00ab<a href=\"https:\/\/www.ennuestracasademadera.org\/\" target=\"_blank\" rel=\"noreferrer noopener\">En Nuestra Casa de Madera<\/a>\u00ab<\/strong>, ubicado en Rub\u00ed.<\/p>\n\n\n\n<figure class=\"wp-block-gallery aligncenter has-nested-images columns-default is-cropped wp-block-gallery-1 is-layout-flex wp-block-gallery-is-layout-flex\">\n<figure class=\"wp-block-image size-large\"><img loading=\"lazy\" decoding=\"async\" width=\"612\" height=\"800\" data-id=\"2241\" src=\"https:\/\/www.manualidadesbadabadocart.es\/blog\/wp-content\/uploads\/2025\/05\/el-perro-gordo-refugio-animales.jpg\" alt=\"El perro &quot;Gordo&quot;\" class=\"wp-image-2241\" srcset=\"https:\/\/www.manualidadesbadabadocart.es\/blog\/wp-content\/uploads\/2025\/05\/el-perro-gordo-refugio-animales.jpg 612w, https:\/\/www.manualidadesbadabadocart.es\/blog\/wp-content\/uploads\/2025\/05\/el-perro-gordo-refugio-animales-230x300.jpg 230w, https:\/\/www.manualidadesbadabadocart.es\/blog\/wp-content\/uploads\/2025\/05\/el-perro-gordo-refugio-animales-46x60.jpg 46w\" sizes=\"auto, (max-width: 612px) 100vw, 612px\" \/><\/figure>\n\n\n\n<figure class=\"wp-block-image size-large\"><img loading=\"lazy\" decoding=\"async\" width=\"588\" height=\"800\" data-id=\"2242\" src=\"https:\/\/www.manualidadesbadabadocart.es\/blog\/wp-content\/uploads\/2025\/05\/gatito-oreo-refugio-animales.jpg\" alt=\"El gatito Oreo\" class=\"wp-image-2242\" srcset=\"https:\/\/www.manualidadesbadabadocart.es\/blog\/wp-content\/uploads\/2025\/05\/gatito-oreo-refugio-animales.jpg 588w, https:\/\/www.manualidadesbadabadocart.es\/blog\/wp-content\/uploads\/2025\/05\/gatito-oreo-refugio-animales-221x300.jpg 221w, https:\/\/www.manualidadesbadabadocart.es\/blog\/wp-content\/uploads\/2025\/05\/gatito-oreo-refugio-animales-44x60.jpg 44w\" sizes=\"auto, (max-width: 588px) 100vw, 588px\" \/><\/figure>\n<\/figure>\n\n\n\n<h3 class=\"wp-block-heading\">Taller de Velas Artesanales con Raquel (<a href=\"https:\/\/www.instagram.com\/ennuestracasademadera\/?hl=es\" target=\"_blank\" rel=\"noreferrer noopener\">@ennuestracasademadera<\/a>)<\/h3>\n\n\n\n<p>Sum\u00e9rgete en el mundo de la creaci\u00f3n artesanal con nuestro <strong>taller de velas naturales<\/strong>, donde aprender\u00e1s a elaborar velas con productos ecol\u00f3gicos y fragancias libres de t\u00f3xicos. La experiencia incluye:<\/p>\n\n\n\n<ul class=\"wp-block-list\">\n<li>\ud83c\udf31 <strong>Teor\u00eda y pr\u00e1ctica<\/strong> para dominar la t\u00e9cnica.<\/li>\n\n\n\n<li>\ud83d\udcdc <strong>Dossier informativo<\/strong> con todo lo aprendido.<\/li>\n\n\n\n<li>\ud83e\udd50 <strong>Delicioso desayuno incluido<\/strong> en el precio de <strong>45\u20ac por persona<\/strong>.<\/li>\n\n\n\n<li>\u2705 <strong>Todo el material incluido<\/strong>, \u00a1solo necesitas traer tus ganas de crear!<\/li>\n<\/ul>\n\n\n\n<p>El taller estar\u00e1 impartido por <strong>Raquel<\/strong>, fundadora y propietaria del refugio <strong>\u00abEn Nuestra Casa de Madera\u00bb<\/strong>, quien dedica su vida al cuidado de animales abandonados y con enfermedades cr\u00f3nicas. Con su amor y esfuerzo, les ofrece un hogar digno y feliz.<\/p>\n\n\n<div class=\"wp-block-image\">\n<figure class=\"aligncenter size-full is-resized\"><img loading=\"lazy\" decoding=\"async\" width=\"800\" height=\"800\" src=\"https:\/\/www.manualidadesbadabadocart.es\/blog\/wp-content\/uploads\/2025\/05\/taller-velas-artesanales-badabadoc-art.jpg\" alt=\"Taller velas artesanales Badabadoc Art\" class=\"wp-image-2243\" style=\"width:500px\" srcset=\"https:\/\/www.manualidadesbadabadocart.es\/blog\/wp-content\/uploads\/2025\/05\/taller-velas-artesanales-badabadoc-art.jpg 800w, https:\/\/www.manualidadesbadabadocart.es\/blog\/wp-content\/uploads\/2025\/05\/taller-velas-artesanales-badabadoc-art-300x300.jpg 300w, https:\/\/www.manualidadesbadabadocart.es\/blog\/wp-content\/uploads\/2025\/05\/taller-velas-artesanales-badabadoc-art-150x150.jpg 150w, https:\/\/www.manualidadesbadabadocart.es\/blog\/wp-content\/uploads\/2025\/05\/taller-velas-artesanales-badabadoc-art-768x768.jpg 768w, https:\/\/www.manualidadesbadabadocart.es\/blog\/wp-content\/uploads\/2025\/05\/taller-velas-artesanales-badabadoc-art-60x60.jpg 60w\" sizes=\"auto, (max-width: 800px) 100vw, 800px\" \/><\/figure>\n<\/div>\n\n\n<h3 class=\"wp-block-heading\">Mercadillo de Productos Artesanales en Nuestro Evento Solidario<\/h3>\n\n\n\n<p>Paralelamente, tendremos un <strong>mercadillo solidario<\/strong> donde podr\u00e1s adquirir productos <strong>hechos a mano<\/strong> por artesanos locales. Cada compra contribuir\u00e1 directamente al mantenimiento de los <strong>caballos, perros, gatos, cerdos y muchas otras especies<\/strong> que viven en el refugio de Raquel, en su encantadora casita de madera en el bosque de Rub\u00ed.<\/p>\n\n\n<div class=\"wp-block-image\">\n<figure class=\"aligncenter size-large is-resized\"><img loading=\"lazy\" decoding=\"async\" width=\"741\" height=\"1024\" src=\"https:\/\/www.manualidadesbadabadocart.es\/blog\/wp-content\/uploads\/2025\/05\/el-caballo-seni-refugio-animales-741x1024.jpg\" alt=\"Evento solidario: El caballo &quot;Seni&quot;\" class=\"wp-image-2240\" style=\"width:500px\" srcset=\"https:\/\/www.manualidadesbadabadocart.es\/blog\/wp-content\/uploads\/2025\/05\/el-caballo-seni-refugio-animales-741x1024.jpg 741w, https:\/\/www.manualidadesbadabadocart.es\/blog\/wp-content\/uploads\/2025\/05\/el-caballo-seni-refugio-animales-217x300.jpg 217w, https:\/\/www.manualidadesbadabadocart.es\/blog\/wp-content\/uploads\/2025\/05\/el-caballo-seni-refugio-animales-768x1062.jpg 768w, https:\/\/www.manualidadesbadabadocart.es\/blog\/wp-content\/uploads\/2025\/05\/el-caballo-seni-refugio-animales-43x60.jpg 43w, https:\/\/www.manualidadesbadabadocart.es\/blog\/wp-content\/uploads\/2025\/05\/el-caballo-seni-refugio-animales.jpg 800w\" sizes=\"auto, (max-width: 741px) 100vw, 741px\" \/><\/figure>\n<\/div>\n\n\n<h3 class=\"wp-block-heading\">Participa y Ayuda a los Animales<\/h3>\n\n\n\n<p>En consecuencia, todo lo recaudado en el <strong>taller y el mercadillo<\/strong> se destinar\u00e1 al bienestar de los animales rescatados. Si no puedes asistir, hay otras formas de colaborar con esta hermosa causa a trav\u00e9s de la p\u00e1gina web y redes sociales de <strong>\u00abEn Nuestra Casa de Madera\u00bb<\/strong>.<\/p>\n\n\n<div class=\"wp-block-image\">\n<figure class=\"aligncenter size-large\"><img loading=\"lazy\" decoding=\"async\" width=\"1024\" height=\"656\" src=\"https:\/\/www.manualidadesbadabadocart.es\/blog\/wp-content\/uploads\/2025\/05\/cerdito-bunuelo-refugio-animales-1024x656.jpg\" alt=\"Evento solidario: El cerdito &quot;Bu\u00f1uelo&quot;\" class=\"wp-image-2239\" srcset=\"https:\/\/www.manualidadesbadabadocart.es\/blog\/wp-content\/uploads\/2025\/05\/cerdito-bunuelo-refugio-animales-1024x656.jpg 1024w, https:\/\/www.manualidadesbadabadocart.es\/blog\/wp-content\/uploads\/2025\/05\/cerdito-bunuelo-refugio-animales-300x192.jpg 300w, https:\/\/www.manualidadesbadabadocart.es\/blog\/wp-content\/uploads\/2025\/05\/cerdito-bunuelo-refugio-animales-768x492.jpg 768w, https:\/\/www.manualidadesbadabadocart.es\/blog\/wp-content\/uploads\/2025\/05\/cerdito-bunuelo-refugio-animales-94x60.jpg 94w, https:\/\/www.manualidadesbadabadocart.es\/blog\/wp-content\/uploads\/2025\/05\/cerdito-bunuelo-refugio-animales.jpg 1131w\" sizes=\"auto, (max-width: 1024px) 100vw, 1024px\" \/><\/figure>\n<\/div>\n\n\n<p><strong>Las plazas para el taller son limitadas y requieren reserva previa<\/strong>. Por lo tanto, contacta con <strong>Badabadoc Art<\/strong> para asegurar la tuya y \u00fanete a esta iniciativa solidaria.<\/p>\n\n\n\n<p>\ud83d\udce9 Inscripciones y m\u00e1s informaci\u00f3n en:<\/p>\n\n\n\n<p>\ud83d\udcde&nbsp;<strong>Tel\u00e9fono:<\/strong>&nbsp;<a href=\"tel:34931974994\">93 197 49 94<\/a><br>\ud83d\udcf1&nbsp;<strong>WhatsApp:<\/strong>&nbsp;<a href=\"https:\/\/wa.me\/34633218244\">633 21 82 44<\/a><br>\ud83d\udccd&nbsp;<strong>Direcci\u00f3n:<\/strong>&nbsp;<a href=\"https:\/\/maps.app.goo.gl\/x7bbofQT3veZcEBV7\" target=\"_blank\" rel=\"noreferrer noopener\">Avd. Onze de Setembre, 138, Sabadell (Barcelona)<\/a><br>\ud83c\udf10&nbsp;<strong>M\u00e1s informaci\u00f3n:<\/strong>&nbsp;<a href=\"https:\/\/www.manualidadesbadabadocart.es\/blog\/contacto\/\" target=\"_blank\" rel=\"noreferrer noopener\">formulario de contacto<\/a><\/p>\n\n\n\n<p>\u00a1Te esperamos para crear, compartir y ayudar juntos!<\/p>\n","protected":false},"excerpt":{"rendered":"<p>Evento Solidario en Badabadoc Art: \u00a1Creatividad por una Buena Causa! Un bonito evento solidario: en Badabadoc Art, creemos en la magia de la creatividad y &hellip; <\/p>\n","protected":false},"author":1,"featured_media":2243,"comment_status":"open","ping_status":"open","sticky":false,"template":"","format":"standard","meta":{"footnotes":""},"categories":[7],"tags":[964,963,715,960,959,954,958,956,618,957,955,962,961],"class_list":["post-2228","post","type-post","status-publish","format-standard","has-post-thumbnail","hentry","category-talleres-creativos-manualidades-y-scrapbooking","tag-animales-abandonados","tag-ayuda-animal","tag-badabadoc-art","tag-creatividad-solidaria","tag-en-nuestra-casa-de-madera","tag-evento-solidario","tag-handmade-barcelona","tag-mercadillo-artesanal","tag-refugio-de-animales","tag-sabadell-eventos","tag-taller-de-velas","tag-velas-aromaticas","tag-velas-artesanales","latest_post"],"yoast_head":"<!-- This site is optimized with the Yoast SEO plugin v27.5 - https:\/\/yoast.com\/product\/yoast-seo-wordpress\/ -->\n<title>Evento Solidario Creativo Barcelona 5\/07\/25 - Badabadoc Art Blog<\/title>\n<meta name=\"description\" content=\"Evento solidario de Badabadoc Art en Sabadell: taller de velas + mercadillo artesanal. Ayuda al refugio de animales En Nuestra Casa de Madera.\" \/>\n<meta name=\"robots\" content=\"index, follow, max-snippet:-1, max-image-preview:large, max-video-preview:-1\" \/>\n<link rel=\"canonical\" href=\"https:\/\/www.manualidadesbadabadocart.es\/blog\/evento-solidario-creativo-barcelona-5-07-25\/\" \/>\n<meta property=\"og:locale\" content=\"es_ES\" \/>\n<meta property=\"og:type\" content=\"article\" \/>\n<meta property=\"og:title\" content=\"Evento Solidario Creativo Barcelona 5\/07\/25 - Badabadoc Art Blog\" \/>\n<meta property=\"og:description\" content=\"Evento solidario de Badabadoc Art en Sabadell: taller de velas + mercadillo artesanal. Ayuda al refugio de animales En Nuestra Casa de Madera.\" \/>\n<meta property=\"og:url\" content=\"https:\/\/www.manualidadesbadabadocart.es\/blog\/evento-solidario-creativo-barcelona-5-07-25\/\" \/>\n<meta property=\"og:site_name\" content=\"Badabadoc Art Blog\" \/>\n<meta property=\"article:publisher\" content=\"https:\/\/www.facebook.com\/BadabadocArt\" \/>\n<meta property=\"article:author\" content=\"https:\/\/www.facebook.com\/BadabadocArt\/\" \/>\n<meta property=\"article:published_time\" content=\"2025-05-09T11:37:09+00:00\" \/>\n<meta property=\"og:image\" content=\"https:\/\/www.manualidadesbadabadocart.es\/blog\/wp-content\/uploads\/2025\/05\/taller-velas-artesanales-badabadoc-art.jpg\" \/>\n\t<meta property=\"og:image:width\" content=\"800\" \/>\n\t<meta property=\"og:image:height\" content=\"800\" \/>\n\t<meta property=\"og:image:type\" content=\"image\/jpeg\" \/>\n<meta name=\"author\" content=\"Badabadoc Art\" \/>\n<meta name=\"twitter:card\" content=\"summary_large_image\" \/>\n<meta name=\"twitter:creator\" content=\"@https:\/\/twitter.com\/badabadocart?lang=es\" \/>\n<meta name=\"twitter:site\" content=\"@badabadocart\" \/>\n<meta name=\"twitter:label1\" content=\"Escrito por\" \/>\n\t<meta name=\"twitter:data1\" content=\"Badabadoc Art\" \/>\n\t<meta name=\"twitter:label2\" content=\"Tiempo de lectura\" \/>\n\t<meta name=\"twitter:data2\" content=\"4 minutos\" \/>\n<script type=\"application\/ld+json\" class=\"yoast-schema-graph\">{\"@context\":\"https:\\\/\\\/schema.org\",\"@graph\":[{\"@type\":\"Article\",\"@id\":\"https:\\\/\\\/www.manualidadesbadabadocart.es\\\/blog\\\/evento-solidario-creativo-barcelona-5-07-25\\\/#article\",\"isPartOf\":{\"@id\":\"https:\\\/\\\/www.manualidadesbadabadocart.es\\\/blog\\\/evento-solidario-creativo-barcelona-5-07-25\\\/\"},\"author\":{\"name\":\"Badabadoc Art\",\"@id\":\"https:\\\/\\\/www.manualidadesbadabadocart.es\\\/blog\\\/#\\\/schema\\\/person\\\/07efef241baf221d3572eedb037f07cd\"},\"headline\":\"Evento Solidario Creativo Barcelona 5\\\/07\\\/25\",\"datePublished\":\"2025-05-09T11:37:09+00:00\",\"mainEntityOfPage\":{\"@id\":\"https:\\\/\\\/www.manualidadesbadabadocart.es\\\/blog\\\/evento-solidario-creativo-barcelona-5-07-25\\\/\"},\"wordCount\":378,\"commentCount\":0,\"publisher\":{\"@id\":\"https:\\\/\\\/www.manualidadesbadabadocart.es\\\/blog\\\/#organization\"},\"image\":{\"@id\":\"https:\\\/\\\/www.manualidadesbadabadocart.es\\\/blog\\\/evento-solidario-creativo-barcelona-5-07-25\\\/#primaryimage\"},\"thumbnailUrl\":\"https:\\\/\\\/www.manualidadesbadabadocart.es\\\/blog\\\/wp-content\\\/uploads\\\/2025\\\/05\\\/taller-velas-artesanales-badabadoc-art.jpg\",\"keywords\":[\"animales abandonados\",\"ayuda animal\",\"Badabadoc Art\",\"creatividad solidaria\",\"en nuestra casa de madera\",\"evento solidario\",\"handmade Barcelona\",\"mercadillo artesanal\",\"refugio de animales\",\"Sabadell eventos\",\"taller de velas\",\"velas arom\u00e1ticas\",\"velas artesanales\"],\"articleSection\":[\"Talleres\"],\"inLanguage\":\"es\",\"potentialAction\":[{\"@type\":\"CommentAction\",\"name\":\"Comment\",\"target\":[\"https:\\\/\\\/www.manualidadesbadabadocart.es\\\/blog\\\/evento-solidario-creativo-barcelona-5-07-25\\\/#respond\"]}]},{\"@type\":\"WebPage\",\"@id\":\"https:\\\/\\\/www.manualidadesbadabadocart.es\\\/blog\\\/evento-solidario-creativo-barcelona-5-07-25\\\/\",\"url\":\"https:\\\/\\\/www.manualidadesbadabadocart.es\\\/blog\\\/evento-solidario-creativo-barcelona-5-07-25\\\/\",\"name\":\"Evento Solidario Creativo Barcelona 5\\\/07\\\/25 - Badabadoc Art Blog\",\"isPartOf\":{\"@id\":\"https:\\\/\\\/www.manualidadesbadabadocart.es\\\/blog\\\/#website\"},\"primaryImageOfPage\":{\"@id\":\"https:\\\/\\\/www.manualidadesbadabadocart.es\\\/blog\\\/evento-solidario-creativo-barcelona-5-07-25\\\/#primaryimage\"},\"image\":{\"@id\":\"https:\\\/\\\/www.manualidadesbadabadocart.es\\\/blog\\\/evento-solidario-creativo-barcelona-5-07-25\\\/#primaryimage\"},\"thumbnailUrl\":\"https:\\\/\\\/www.manualidadesbadabadocart.es\\\/blog\\\/wp-content\\\/uploads\\\/2025\\\/05\\\/taller-velas-artesanales-badabadoc-art.jpg\",\"datePublished\":\"2025-05-09T11:37:09+00:00\",\"description\":\"Evento solidario de Badabadoc Art en Sabadell: taller de velas + mercadillo artesanal. Ayuda al refugio de animales En Nuestra Casa de Madera.\",\"breadcrumb\":{\"@id\":\"https:\\\/\\\/www.manualidadesbadabadocart.es\\\/blog\\\/evento-solidario-creativo-barcelona-5-07-25\\\/#breadcrumb\"},\"inLanguage\":\"es\",\"potentialAction\":[{\"@type\":\"ReadAction\",\"target\":[\"https:\\\/\\\/www.manualidadesbadabadocart.es\\\/blog\\\/evento-solidario-creativo-barcelona-5-07-25\\\/\"]}]},{\"@type\":\"ImageObject\",\"inLanguage\":\"es\",\"@id\":\"https:\\\/\\\/www.manualidadesbadabadocart.es\\\/blog\\\/evento-solidario-creativo-barcelona-5-07-25\\\/#primaryimage\",\"url\":\"https:\\\/\\\/www.manualidadesbadabadocart.es\\\/blog\\\/wp-content\\\/uploads\\\/2025\\\/05\\\/taller-velas-artesanales-badabadoc-art.jpg\",\"contentUrl\":\"https:\\\/\\\/www.manualidadesbadabadocart.es\\\/blog\\\/wp-content\\\/uploads\\\/2025\\\/05\\\/taller-velas-artesanales-badabadoc-art.jpg\",\"width\":800,\"height\":800,\"caption\":\"Taller velas artesanales Badabadoc Art\"},{\"@type\":\"BreadcrumbList\",\"@id\":\"https:\\\/\\\/www.manualidadesbadabadocart.es\\\/blog\\\/evento-solidario-creativo-barcelona-5-07-25\\\/#breadcrumb\",\"itemListElement\":[{\"@type\":\"ListItem\",\"position\":1,\"name\":\"Portada\",\"item\":\"https:\\\/\\\/www.manualidadesbadabadocart.es\\\/blog\\\/\"},{\"@type\":\"ListItem\",\"position\":2,\"name\":\"Evento Solidario Creativo Barcelona 5\\\/07\\\/25\"}]},{\"@type\":\"WebSite\",\"@id\":\"https:\\\/\\\/www.manualidadesbadabadocart.es\\\/blog\\\/#website\",\"url\":\"https:\\\/\\\/www.manualidadesbadabadocart.es\\\/blog\\\/\",\"name\":\"Badabadoc Art Blog\",\"description\":\"Manualidades y scrapbooking\",\"publisher\":{\"@id\":\"https:\\\/\\\/www.manualidadesbadabadocart.es\\\/blog\\\/#organization\"},\"potentialAction\":[{\"@type\":\"SearchAction\",\"target\":{\"@type\":\"EntryPoint\",\"urlTemplate\":\"https:\\\/\\\/www.manualidadesbadabadocart.es\\\/blog\\\/?s={search_term_string}\"},\"query-input\":{\"@type\":\"PropertyValueSpecification\",\"valueRequired\":true,\"valueName\":\"search_term_string\"}}],\"inLanguage\":\"es\"},{\"@type\":\"Organization\",\"@id\":\"https:\\\/\\\/www.manualidadesbadabadocart.es\\\/blog\\\/#organization\",\"name\":\"Badabadoc Art Blog\",\"url\":\"https:\\\/\\\/www.manualidadesbadabadocart.es\\\/blog\\\/\",\"logo\":{\"@type\":\"ImageObject\",\"inLanguage\":\"es\",\"@id\":\"https:\\\/\\\/www.manualidadesbadabadocart.es\\\/blog\\\/#\\\/schema\\\/logo\\\/image\\\/\",\"url\":\"https:\\\/\\\/www.manualidadesbadabadocart.es\\\/blog\\\/wp-content\\\/uploads\\\/2021\\\/03\\\/cropped-cropped-logo-Badabadoc-Art-Oficial-MARCA.jpg\",\"contentUrl\":\"https:\\\/\\\/www.manualidadesbadabadocart.es\\\/blog\\\/wp-content\\\/uploads\\\/2021\\\/03\\\/cropped-cropped-logo-Badabadoc-Art-Oficial-MARCA.jpg\",\"width\":512,\"height\":397,\"caption\":\"Badabadoc Art Blog\"},\"image\":{\"@id\":\"https:\\\/\\\/www.manualidadesbadabadocart.es\\\/blog\\\/#\\\/schema\\\/logo\\\/image\\\/\"},\"sameAs\":[\"https:\\\/\\\/www.facebook.com\\\/BadabadocArt\",\"https:\\\/\\\/x.com\\\/badabadocart\",\"https:\\\/\\\/www.instagram.com\\\/badabadocart\",\"https:\\\/\\\/www.pinterest.es\\\/BadabadocArt\",\"https:\\\/\\\/www.youtube.com\\\/channel\\\/UCgNX4oZLuPqjKs8xigWYdTQ\"]},{\"@type\":\"Person\",\"@id\":\"https:\\\/\\\/www.manualidadesbadabadocart.es\\\/blog\\\/#\\\/schema\\\/person\\\/07efef241baf221d3572eedb037f07cd\",\"name\":\"Badabadoc Art\",\"image\":{\"@type\":\"ImageObject\",\"inLanguage\":\"es\",\"@id\":\"https:\\\/\\\/www.manualidadesbadabadocart.es\\\/blog\\\/wp-content\\\/litespeed\\\/avatar\\\/715be369cc4f2c78886c0b9ca57ed7b0.jpg?ver=1776967513\",\"url\":\"https:\\\/\\\/www.manualidadesbadabadocart.es\\\/blog\\\/wp-content\\\/litespeed\\\/avatar\\\/715be369cc4f2c78886c0b9ca57ed7b0.jpg?ver=1776967513\",\"contentUrl\":\"https:\\\/\\\/www.manualidadesbadabadocart.es\\\/blog\\\/wp-content\\\/litespeed\\\/avatar\\\/715be369cc4f2c78886c0b9ca57ed7b0.jpg?ver=1776967513\",\"caption\":\"Badabadoc Art\"},\"sameAs\":[\"https:\\\/\\\/www.manualidadesbadabadocart.es\\\/\",\"https:\\\/\\\/www.facebook.com\\\/BadabadocArt\\\/\",\"https:\\\/\\\/www.instagram.com\\\/badabadocart\\\/\",\"https:\\\/\\\/www.pinterest.es\\\/pin\\\/212372938668628511\\\/\",\"https:\\\/\\\/x.com\\\/https:\\\/\\\/twitter.com\\\/badabadocart?lang=es\",\"https:\\\/\\\/www.youtube.com\\\/watch?v=EbLY2vi8Kwc\"],\"url\":\"https:\\\/\\\/www.manualidadesbadabadocart.es\\\/blog\\\/author\\\/francisco-javier\\\/\"}]}<\/script>\n<!-- \/ Yoast SEO plugin. -->","yoast_head_json":{"title":"Evento Solidario Creativo Barcelona 5\/07\/25 - Badabadoc Art Blog","description":"Evento solidario de Badabadoc Art en Sabadell: taller de velas + mercadillo artesanal. Ayuda al refugio de animales En Nuestra Casa de Madera.","robots":{"index":"index","follow":"follow","max-snippet":"max-snippet:-1","max-image-preview":"max-image-preview:large","max-video-preview":"max-video-preview:-1"},"canonical":"https:\/\/www.manualidadesbadabadocart.es\/blog\/evento-solidario-creativo-barcelona-5-07-25\/","og_locale":"es_ES","og_type":"article","og_title":"Evento Solidario Creativo Barcelona 5\/07\/25 - Badabadoc Art Blog","og_description":"Evento solidario de Badabadoc Art en Sabadell: taller de velas + mercadillo artesanal. Ayuda al refugio de animales En Nuestra Casa de Madera.","og_url":"https:\/\/www.manualidadesbadabadocart.es\/blog\/evento-solidario-creativo-barcelona-5-07-25\/","og_site_name":"Badabadoc Art Blog","article_publisher":"https:\/\/www.facebook.com\/BadabadocArt","article_author":"https:\/\/www.facebook.com\/BadabadocArt\/","article_published_time":"2025-05-09T11:37:09+00:00","og_image":[{"width":800,"height":800,"url":"https:\/\/www.manualidadesbadabadocart.es\/blog\/wp-content\/uploads\/2025\/05\/taller-velas-artesanales-badabadoc-art.jpg","type":"image\/jpeg"}],"author":"Badabadoc Art","twitter_card":"summary_large_image","twitter_creator":"@https:\/\/twitter.com\/badabadocart?lang=es","twitter_site":"@badabadocart","twitter_misc":{"Escrito por":"Badabadoc Art","Tiempo de lectura":"4 minutos"},"schema":{"@context":"https:\/\/schema.org","@graph":[{"@type":"Article","@id":"https:\/\/www.manualidadesbadabadocart.es\/blog\/evento-solidario-creativo-barcelona-5-07-25\/#article","isPartOf":{"@id":"https:\/\/www.manualidadesbadabadocart.es\/blog\/evento-solidario-creativo-barcelona-5-07-25\/"},"author":{"name":"Badabadoc Art","@id":"https:\/\/www.manualidadesbadabadocart.es\/blog\/#\/schema\/person\/07efef241baf221d3572eedb037f07cd"},"headline":"Evento Solidario Creativo Barcelona 5\/07\/25","datePublished":"2025-05-09T11:37:09+00:00","mainEntityOfPage":{"@id":"https:\/\/www.manualidadesbadabadocart.es\/blog\/evento-solidario-creativo-barcelona-5-07-25\/"},"wordCount":378,"commentCount":0,"publisher":{"@id":"https:\/\/www.manualidadesbadabadocart.es\/blog\/#organization"},"image":{"@id":"https:\/\/www.manualidadesbadabadocart.es\/blog\/evento-solidario-creativo-barcelona-5-07-25\/#primaryimage"},"thumbnailUrl":"https:\/\/www.manualidadesbadabadocart.es\/blog\/wp-content\/uploads\/2025\/05\/taller-velas-artesanales-badabadoc-art.jpg","keywords":["animales abandonados","ayuda animal","Badabadoc Art","creatividad solidaria","en nuestra casa de madera","evento solidario","handmade Barcelona","mercadillo artesanal","refugio de animales","Sabadell eventos","taller de velas","velas arom\u00e1ticas","velas artesanales"],"articleSection":["Talleres"],"inLanguage":"es","potentialAction":[{"@type":"CommentAction","name":"Comment","target":["https:\/\/www.manualidadesbadabadocart.es\/blog\/evento-solidario-creativo-barcelona-5-07-25\/#respond"]}]},{"@type":"WebPage","@id":"https:\/\/www.manualidadesbadabadocart.es\/blog\/evento-solidario-creativo-barcelona-5-07-25\/","url":"https:\/\/www.manualidadesbadabadocart.es\/blog\/evento-solidario-creativo-barcelona-5-07-25\/","name":"Evento Solidario Creativo Barcelona 5\/07\/25 - Badabadoc Art Blog","isPartOf":{"@id":"https:\/\/www.manualidadesbadabadocart.es\/blog\/#website"},"primaryImageOfPage":{"@id":"https:\/\/www.manualidadesbadabadocart.es\/blog\/evento-solidario-creativo-barcelona-5-07-25\/#primaryimage"},"image":{"@id":"https:\/\/www.manualidadesbadabadocart.es\/blog\/evento-solidario-creativo-barcelona-5-07-25\/#primaryimage"},"thumbnailUrl":"https:\/\/www.manualidadesbadabadocart.es\/blog\/wp-content\/uploads\/2025\/05\/taller-velas-artesanales-badabadoc-art.jpg","datePublished":"2025-05-09T11:37:09+00:00","description":"Evento solidario de Badabadoc Art en Sabadell: taller de velas + mercadillo artesanal. Ayuda al refugio de animales En Nuestra Casa de Madera.","breadcrumb":{"@id":"https:\/\/www.manualidadesbadabadocart.es\/blog\/evento-solidario-creativo-barcelona-5-07-25\/#breadcrumb"},"inLanguage":"es","potentialAction":[{"@type":"ReadAction","target":["https:\/\/www.manualidadesbadabadocart.es\/blog\/evento-solidario-creativo-barcelona-5-07-25\/"]}]},{"@type":"ImageObject","inLanguage":"es","@id":"https:\/\/www.manualidadesbadabadocart.es\/blog\/evento-solidario-creativo-barcelona-5-07-25\/#primaryimage","url":"https:\/\/www.manualidadesbadabadocart.es\/blog\/wp-content\/uploads\/2025\/05\/taller-velas-artesanales-badabadoc-art.jpg","contentUrl":"https:\/\/www.manualidadesbadabadocart.es\/blog\/wp-content\/uploads\/2025\/05\/taller-velas-artesanales-badabadoc-art.jpg","width":800,"height":800,"caption":"Taller velas artesanales Badabadoc Art"},{"@type":"BreadcrumbList","@id":"https:\/\/www.manualidadesbadabadocart.es\/blog\/evento-solidario-creativo-barcelona-5-07-25\/#breadcrumb","itemListElement":[{"@type":"ListItem","position":1,"name":"Portada","item":"https:\/\/www.manualidadesbadabadocart.es\/blog\/"},{"@type":"ListItem","position":2,"name":"Evento Solidario Creativo Barcelona 5\/07\/25"}]},{"@type":"WebSite","@id":"https:\/\/www.manualidadesbadabadocart.es\/blog\/#website","url":"https:\/\/www.manualidadesbadabadocart.es\/blog\/","name":"Badabadoc Art Blog","description":"Manualidades y scrapbooking","publisher":{"@id":"https:\/\/www.manualidadesbadabadocart.es\/blog\/#organization"},"potentialAction":[{"@type":"SearchAction","target":{"@type":"EntryPoint","urlTemplate":"https:\/\/www.manualidadesbadabadocart.es\/blog\/?s={search_term_string}"},"query-input":{"@type":"PropertyValueSpecification","valueRequired":true,"valueName":"search_term_string"}}],"inLanguage":"es"},{"@type":"Organization","@id":"https:\/\/www.manualidadesbadabadocart.es\/blog\/#organization","name":"Badabadoc Art Blog","url":"https:\/\/www.manualidadesbadabadocart.es\/blog\/","logo":{"@type":"ImageObject","inLanguage":"es","@id":"https:\/\/www.manualidadesbadabadocart.es\/blog\/#\/schema\/logo\/image\/","url":"https:\/\/www.manualidadesbadabadocart.es\/blog\/wp-content\/uploads\/2021\/03\/cropped-cropped-logo-Badabadoc-Art-Oficial-MARCA.jpg","contentUrl":"https:\/\/www.manualidadesbadabadocart.es\/blog\/wp-content\/uploads\/2021\/03\/cropped-cropped-logo-Badabadoc-Art-Oficial-MARCA.jpg","width":512,"height":397,"caption":"Badabadoc Art Blog"},"image":{"@id":"https:\/\/www.manualidadesbadabadocart.es\/blog\/#\/schema\/logo\/image\/"},"sameAs":["https:\/\/www.facebook.com\/BadabadocArt","https:\/\/x.com\/badabadocart","https:\/\/www.instagram.com\/badabadocart","https:\/\/www.pinterest.es\/BadabadocArt","https:\/\/www.youtube.com\/channel\/UCgNX4oZLuPqjKs8xigWYdTQ"]},{"@type":"Person","@id":"https:\/\/www.manualidadesbadabadocart.es\/blog\/#\/schema\/person\/07efef241baf221d3572eedb037f07cd","name":"Badabadoc Art","image":{"@type":"ImageObject","inLanguage":"es","@id":"https:\/\/www.manualidadesbadabadocart.es\/blog\/wp-content\/litespeed\/avatar\/715be369cc4f2c78886c0b9ca57ed7b0.jpg?ver=1776967513","url":"https:\/\/www.manualidadesbadabadocart.es\/blog\/wp-content\/litespeed\/avatar\/715be369cc4f2c78886c0b9ca57ed7b0.jpg?ver=1776967513","contentUrl":"https:\/\/www.manualidadesbadabadocart.es\/blog\/wp-content\/litespeed\/avatar\/715be369cc4f2c78886c0b9ca57ed7b0.jpg?ver=1776967513","caption":"Badabadoc Art"},"sameAs":["https:\/\/www.manualidadesbadabadocart.es\/","https:\/\/www.facebook.com\/BadabadocArt\/","https:\/\/www.instagram.com\/badabadocart\/","https:\/\/www.pinterest.es\/pin\/212372938668628511\/","https:\/\/x.com\/https:\/\/twitter.com\/badabadocart?lang=es","https:\/\/www.youtube.com\/watch?v=EbLY2vi8Kwc"],"url":"https:\/\/www.manualidadesbadabadocart.es\/blog\/author\/francisco-javier\/"}]}},"_links":{"self":[{"href":"https:\/\/www.manualidadesbadabadocart.es\/blog\/wp-json\/wp\/v2\/posts\/2228","targetHints":{"allow":["GET"]}}],"collection":[{"href":"https:\/\/www.manualidadesbadabadocart.es\/blog\/wp-json\/wp\/v2\/posts"}],"about":[{"href":"https:\/\/www.manualidadesbadabadocart.es\/blog\/wp-json\/wp\/v2\/types\/post"}],"author":[{"embeddable":true,"href":"https:\/\/www.manualidadesbadabadocart.es\/blog\/wp-json\/wp\/v2\/users\/1"}],"replies":[{"embeddable":true,"href":"https:\/\/www.manualidadesbadabadocart.es\/blog\/wp-json\/wp\/v2\/comments?post=2228"}],"version-history":[{"count":9,"href":"https:\/\/www.manualidadesbadabadocart.es\/blog\/wp-json\/wp\/v2\/posts\/2228\/revisions"}],"predecessor-version":[{"id":2245,"href":"https:\/\/www.manualidadesbadabadocart.es\/blog\/wp-json\/wp\/v2\/posts\/2228\/revisions\/2245"}],"wp:featuredmedia":[{"embeddable":true,"href":"https:\/\/www.manualidadesbadabadocart.es\/blog\/wp-json\/wp\/v2\/media\/2243"}],"wp:attachment":[{"href":"https:\/\/www.manualidadesbadabadocart.es\/blog\/wp-json\/wp\/v2\/media?parent=2228"}],"wp:term":[{"taxonomy":"category","embeddable":true,"href":"https:\/\/www.manualidadesbadabadocart.es\/blog\/wp-json\/wp\/v2\/categories?post=2228"},{"taxonomy":"post_tag","embeddable":true,"href":"https:\/\/www.manualidadesbadabadocart.es\/blog\/wp-json\/wp\/v2\/tags?post=2228"}],"curies":[{"name":"wp","href":"https:\/\/api.w.org\/{rel}","templated":true}]}}